{"id":51,"date":"2017-11-20T11:54:05","date_gmt":"2017-11-20T14:54:05","guid":{"rendered":"https:\/\/xsinformatica.com.br\/blog\/?p=51"},"modified":"2017-11-20T11:54:05","modified_gmt":"2017-11-20T14:54:05","slug":"ficamos-offline","status":"publish","type":"post","link":"https:\/\/xsinformatica.com.br\/blog\/ficamos-offline\/","title":{"rendered":"Ficamos offline"},"content":{"rendered":"<h2>Ficamos offline<\/h2>\n<p>Bom dia e bom feriado a todos.<\/p>\n<p>Apesar de hoje ser o <strong>Dia da Consci\u00eancia Negra<\/strong> e feriado em muitos\u00a0 lugares, como a cidade de S\u00e3o Paulo, onde estamos, \u00e9 importante virmos aqui conversar com nossos amigos, parceiros, clientes e fornecedores.<\/p>\n<p>Na \u00faltima quarta, <strong>dia 15 de novembro<\/strong>, feriado da <strong>Proclama\u00e7\u00e3o da Rep\u00fablica<\/strong>, nossos sistemas de monitoramento relataram que, os nossos servidores internos ficaram offline. Isso s\u00f3 pode ocorrer apenas em duas situa\u00e7\u00f5es, falta de energia ou falta de conex\u00e3o com a Internet.<\/p>\n<p>Aos nos dirigirmos a empresa, ficou claro que havia energia e, rapidamente foi identificado uma falta de conex\u00e3o e a causa, foi uma falha no modem fornecido pela operadora <strong>TIM Live<\/strong>.<\/p>\n<p>O modem j\u00e1 apresentava falhas, principalmente com rela\u00e7\u00e3o ao <strong>wifi<\/strong>, que sempre <strong>caia<\/strong>. Essa falha foi reportada \u00e0 operadora em <strong>21 de outubro<\/strong> que, como resposta pediu apenas para &#8220;<em>resetar o modem de f\u00e1brica<\/em>&#8220;, pois a empresa TIM &#8220;<em>n\u00e3o d\u00e1 garantia no wifi<\/em>&#8221; que eles fornecem! Essa opera\u00e7\u00e3o foi repetida v\u00e1rias vezes at\u00e9, no dia 15 de novembro, o modem parou de funcionar.<\/p>\n<p>Contactada a operadora, pediram <strong>24 horas<\/strong> para fazer a troca. Como era feriado, n\u00e3o houveram graves comprometimentos. Ap\u00f3s esse per\u00edodo, na <strong>manh\u00e3 do dia 16<\/strong>, nada havia sido feita e a operadora foi contactada. Pediu um prazo de &#8220;<strong>no hor\u00e1rio comercial<\/strong>&#8221; sendo que esse no atraso, j\u00e1 comprometeram v\u00e1rias opera\u00e7\u00f5es que seriam feitas no dia 16.<\/p>\n<p>Novamente, ap\u00f3s o termino do hor\u00e1rio comercial, a operadora foi contacta e alegou que havia uma manuten\u00e7\u00e3o no bairro e, por isso, <strong>ap\u00f3s as 22 horas da quinta<\/strong>, a conex\u00e3o voltaria. Novamente informamos que o modem roteador estava comprometido e, que nenhuma manuten\u00e7\u00e3o na rede externa daria certo. O atendente fez testes que verificaram o problema com o modem. Foi prometido <strong>um t\u00e9cnico na manh\u00e3 seguinte<\/strong>.<\/p>\n<p>Na manh\u00e3 da sexta feira, <strong>ap\u00f3s o hor\u00e1rio prometido<\/strong>, um novo contato foi feito com a operadora e foi prometida, dessa vez, uma manuten\u00e7\u00e3o por <strong>acesso remoto<\/strong>. Mais uma vez, informamos que o modem n\u00e3o estava funcionando e n\u00e3o responderia a uma manuten\u00e7\u00e3o remota. Mesmo assim, foi prometida resolu\u00e7\u00e3o <strong>at\u00e9 as 18 horas da sexta<\/strong>. Claro, a manuten\u00e7\u00e3o remota n\u00e3o funcionou.<\/p>\n<p>Entramos, novamente em contato, <strong>ap\u00f3s as 18 horas<\/strong>, para saber do problemas fomos informados que, como a manuten\u00e7\u00e3o remota n\u00e3o funcionou, o modem seria trocado. Agora volte a primeira ocorr\u00eancia e voc\u00ea perceber\u00e1 que o mesmo j\u00e1 foi pedido no come\u00e7o do problema. Uma visita t\u00e9cnica ficou acertada para <strong>s\u00e1bado de manh\u00e3, no primeiro hor\u00e1rio<\/strong>. Desta vez,\u00a0 o atendente foi alertado que <strong>n\u00e3o haveria ningu\u00e9m para atender na manh\u00e3<\/strong>. Ficou acertado que nosso diretor de opera\u00e7\u00f5es, o senhor Edson Santos estarias na <strong>empresa em 14 e 15 horas<\/strong> para receber o t\u00e9cnico.<\/p>\n<p>Claro, eles <strong>apareceram as 9 horas da manh\u00e3<\/strong>! Felizmente, o senhor Edson conseguiu que um familiar estivesse na empresa nesse per\u00edodo, j\u00e1 sabendo que a <strong>TIM Live n\u00e3o iria manter o que foi acertado<\/strong>.<\/p>\n<p>S\u00f3 conseguimos voltar a ter total conex\u00e3o quando o modem pode ser configurado com as regras de acesso externo usadas pela <a href=\"https:\/\/xsinformatica.com.br\"><strong>XS Inform\u00e1tica<\/strong> <\/a>foram feitas. Lembramos que n\u00e3o havia ningu\u00e9m da equipe t\u00e9cnica dispon\u00edvel no hor\u00e1rio que o modem foi trocado.<\/p>\n<p>Assim, tivemos um total de<strong> 94 horas e 45 minutos<\/strong> em acesso a Internet em nossa rede! Mesmo o problema j\u00e1 sendo identificado e informado no<strong> primeiro contato,<\/strong> a TIM Live insistiu em um processo lento e burocr\u00e1tico, deixando de prestar o servi\u00e7o do qual ela foi contratada.<\/p>\n<p>\u00c9 importante ressaltar que nenhum site ficaram fora do ar, pois os servidores de hospedagem da nossa empresa irm\u00e3 <a href=\"https:\/\/galaxyhost.com.br\"><strong>Galaxy Host<\/strong><\/a> n\u00e3o ficam em nossos escrit\u00f3rios.<\/p>\n<p>De posse de todos os protocolos e\u00a0 algumas grava\u00e7\u00f5es, vamos acionar a empresa <strong>TIM juridicamente<\/strong> pelo tempo que foi perdido por uma falha simples de um equipamento.<\/p>\n<p>Novamente, nos desculpamos de nossos amigos, parceiros, clientes e fornecedores pelo ocorrido e outras solu\u00e7\u00f5es para a quest\u00e3o est\u00e3o em tratamento.<\/p>\n","protected":false},"excerpt":{"rendered":"<p>Ficamos offline Bom dia e bom feriado a todos. Apesar de hoje ser o Dia da Consci\u00eancia Negra e feriado em muitos\u00a0 lugares, como a cidade de S\u00e3o Paulo, onde estamos, \u00e9 importante virmos aqui conversar com nossos amigos, parceiros, clientes e fornecedores. Na \u00faltima quarta, dia 15 de novembro, feriado da Proclama\u00e7\u00e3o da Rep\u00fablica, [&hellip;]<\/p>\n","protected":false},"author":1,"featured_media":53,"comment_status":"open","ping_status":"open","sticky":false,"template":"","format":"standard","meta":{"_exactmetrics_skip_tracking":false},"categories":[29],"tags":[31,30,32],"_links":{"self":[{"href":"https:\/\/xsinformatica.com.br\/blog\/wp-json\/wp\/v2\/posts\/51"}],"collection":[{"href":"https:\/\/xsinformatica.com.br\/blog\/wp-json\/wp\/v2\/posts"}],"about":[{"href":"https:\/\/xsinformatica.com.br\/blog\/wp-json\/wp\/v2\/types\/post"}],"author":[{"embeddable":true,"href":"https:\/\/xsinformatica.com.br\/blog\/wp-json\/wp\/v2\/users\/1"}],"replies":[{"embeddable":true,"href":"https:\/\/xsinformatica.com.br\/blog\/wp-json\/wp\/v2\/comments?post=51"}],"version-history":[{"count":2,"href":"https:\/\/xsinformatica.com.br\/blog\/wp-json\/wp\/v2\/posts\/51\/revisions"}],"predecessor-version":[{"id":62,"href":"https:\/\/xsinformatica.com.br\/blog\/wp-json\/wp\/v2\/posts\/51\/revisions\/62"}],"wp:featuredmedia":[{"embeddable":true,"href":"https:\/\/xsinformatica.com.br\/blog\/wp-json\/wp\/v2\/media\/53"}],"wp:attachment":[{"href":"https:\/\/xsinformatica.com.br\/blog\/wp-json\/wp\/v2\/media?parent=51"}],"wp:term":[{"taxonomy":"category","embeddable":true,"href":"https:\/\/xsinformatica.com.br\/blog\/wp-json\/wp\/v2\/categories?post=51"},{"taxonomy":"post_tag","embeddable":true,"href":"https:\/\/xsinformatica.com.br\/blog\/wp-json\/wp\/v2\/tags?post=51"}],"curies":[{"name":"wp","href":"https:\/\/api.w.org\/{rel}","templated":true}]}}