{"id":27,"date":"2017-08-18T15:36:37","date_gmt":"2017-08-18T18:36:37","guid":{"rendered":"https:\/\/xsinformatica.com.br\/blog\/?p=27"},"modified":"2017-09-05T08:51:53","modified_gmt":"2017-09-05T11:51:53","slug":"precisamos-falar-sobre-tolerancia","status":"publish","type":"post","link":"https:\/\/xsinformatica.com.br\/blog\/precisamos-falar-sobre-tolerancia\/","title":{"rendered":"Toler\u00e2ncia, precisamos falar sobre"},"content":{"rendered":"<p>Os FatosA falta de toler\u00e2ncia que ocorreu na cidade americana de Charlottesville, Virginiam, \u00e9 algo de muita tristeza para todos n\u00f3s. Basicamente: um grupo de supremacia branca se juntou a um grupo de neonazista para protestar contra a retirada de uma est\u00e1tua do <a href=\"https:\/\/pt.wikipedia.org\/wiki\/Robert_E._Lee\">General Robret E. Lee<\/a>. O General Lee foi o l\u00edder do ex\u00e9rcito Confederado do sul dos E.U.A. que lutou pela separa\u00e7\u00e3o desses estados do resto do pa\u00eds, tendo uma das causa, a aboli\u00e7\u00e3o da escravid\u00e3o.<\/p>\n<div id=\"attachment_28\" style=\"width: 310px\" class=\"wp-caption alignleft\"><a href=\"https:\/\/xsinformatica-blog.s3.us-west-2.amazonaws.com\/blog\/wp-content\/uploads\/2017\/08\/virginia-supremacistas-brancos-20170812-0055.jpg\"><img aria-describedby=\"caption-attachment-28\" loading=\"lazy\" class=\"wp-image-28 size-medium\" src=\"https:\/\/xsinformatica-blog.s3.us-west-2.amazonaws.com\/blog\/wp-content\/uploads\/2017\/08\/virginia-supremacistas-brancos-20170812-0055-300x200.jpg\" alt=\"Toler\u00e2ncia \u00e9 ser conta supremacia branca\" width=\"300\" height=\"200\" srcset=\"https:\/\/xsinformatica-blog.s3.us-west-2.amazonaws.com\/blog\/wp-content\/uploads\/2017\/08\/virginia-supremacistas-brancos-20170812-0055-300x200.jpg 300w, https:\/\/xsinformatica-blog.s3.us-west-2.amazonaws.com\/blog\/wp-content\/uploads\/2017\/08\/virginia-supremacistas-brancos-20170812-0055-768x511.jpg 768w, https:\/\/xsinformatica-blog.s3.us-west-2.amazonaws.com\/blog\/wp-content\/uploads\/2017\/08\/virginia-supremacistas-brancos-20170812-0055.jpg 1000w\" sizes=\"(max-width: 300px) 100vw, 300px\" \/><\/a><p id=\"caption-attachment-28\" class=\"wp-caption-text\">Toler\u00e2ncia \u00e9 ser conta supremacia branca<\/p><\/div>\n<p>O sul dos E.U.A. \u00e9, at\u00e9 hoje, agr\u00e1rio. Diferente dos estados do norte, que tem forte industrializa\u00e7\u00e3o, no sul a m\u00e3o de obra do campo foi no s\u00e9culo 19 muito necess\u00e1ria e utilizava-se de escravos negros africanos.\u00a0 Quando <a href=\"https:\/\/pt.wikipedia.org\/wiki\/Abraham_Lincoln#A_escravid.C3.A3o_e_a_.22Casa_Dividida.22\">Abraham Lincoln <\/a>foi eleito presidente, sendo um defensor da aboli\u00e7\u00e3o, os estados do sul se revoltaram e come\u00e7aram uma sangrenta guerra civil que durou 3 anos e matou, aproximadamente, 1.000.000 de pessoas.<\/p>\n<p>Ap\u00f3s mais de 150 anos, em alguns lugares, esses escravocratas s\u00e3o reverenciados com est\u00e1tuas que vem sendo removidas, muitas vezes por novos l\u00edderes locais eleitos que s\u00e3o negros ou latinos. Foi o caso de Charlottesville.<\/p>\n<p>Alegando o direito de liberdade de express\u00e3o, esses grupos intolerantes sa\u00edram em marcha pela cidade, cantado palavras de ordem contra negros, latinos, imigrantes (mesmo todos eles serem descendestes de imigrantes) , judeus, homossexuais e feministas! A lista \u00e9 grande. Muitos carregavam tochas, em alus\u00e3o a Ku Klux Kan e a bandeiras nazistas. Entraram em conflito com grupos de defesa dos diretos dessas minorias, com a pol\u00edcia e, causaram a morte de uma pessoa em um caso de atentado semelhante ao que ocorre na Europa.<\/p>\n<p>A quest\u00e3o \u00e9: tem essas pessoas o direto de ser intolerantes e a sociedade deve permitir essas manifesta\u00e7\u00e3o?<\/p>\n<p>A resposta simples \u00e9 <strong>N\u00c3O<\/strong>!<\/p>\n<h2>O paradoxo da toler\u00e2ncia<\/h2>\n<p>No caso de uma sociedade ser totalmente tolerante e tudo permitir, vai haver, nessa sociedade uma parcela que \u00e9 intolerante a alguma coisa (negros, latinos, imigrantes, judeus, homossexuais e feministas). Esses grupos intolerantes, com o tempo, v\u00e3o conseguir passar, com a alega\u00e7\u00e3o de liberdade de express\u00e3o, leis intolerantes nessa sociedade e, v\u00e3o deixar a sociedade, que antes era tolerante, uma sociedade que persegue quem tolerou os intolerantes. Assim, para que a sociedade posso continuar tolerante, ela deve ter leis que pro\u00edbam pessoas intolerantes a se organizar. Esse \u00e9 o paradoxo da toler\u00e2ncia de <a href=\"https:\/\/pt.wikipedia.org\/wiki\/Karl_Popper\">Kark Popper<\/a>. No v\u00eddeo, abaixo, o f\u00edsico <a href=\"https:\/\/twitter.com\/caiocgomes\">Caio Gomes<\/a> explica esse paradoxo:<\/p>\n<p><iframe loading=\"lazy\" width=\"640\" height=\"360\" src=\"https:\/\/www.youtube.com\/embed\/ENgftE4VqOo?feature=oembed\" frameborder=\"0\" allowfullscreen><\/iframe><\/p>\n<p>Com o paradoxo da intoler\u00e2ncia em mente, temos que pensar, nossa sociedade deve ter mecanismos que impe\u00e7am pessoas intolerantes de se apoderar da sociedade como um todo. Muitas vidas foram perdidas e s\u00e3o ainda hoje,\u00a0 como o preconceito! Isso n\u00e3o faz sentido em uma sociedade globalizada com a nossa! Na Alemanha, onde tivemos a mostra maior que a falta de toler\u00e2ncia faz a uma sociedade, pessoa s\u00e3o presas por fazerem o cumprimento nazista ou por dizer &#8220;heil Hiltler&#8221;. E est\u00e1 correto! Faz com que esses grupos n\u00e3o cres\u00e7am.<\/p>\n<p>A busca pela diversidade \u00e9 o mote da sociedade tecnol\u00f3gica do s\u00e9culo 21. Se olhar na <a href=\"http:\/\/fortune.com\/fortune500\/\">lista das 500 maiores empresas<\/a> do mundo, perceber\u00e1 que, a maioria dos l\u00edderes \u00e9 homem branco heterossexual.<\/p>\n<p>Como uma sociedade saud\u00e1vel pode abdicar de mentes em lugares de lideran\u00e7a\u00a0 por a pele da pessoa n\u00e3o for branca, ou por ser mulheres ou, por ter um comportamento diferente da maioria! Isso \u00e9 um absurdo, pois esse perfil, com certeza, s\u00e3o mais de 80% da pessoas do mundo, se n\u00e3o mais.<\/p>\n<h2>Toler\u00e2ncia da Tecnologia<\/h2>\n<p>O que mais assusta, \u00e9 a rea\u00e7\u00e3o do presidente Donald Trump, que foi eleito com discurso anti-imigra\u00e7\u00e3o, n\u00e3o condenou os grupos neonazistas, mas sim, os grupos de defesa dos direitos humanos!<\/p>\n<p>Isso n\u00e3o ficou impune. Representantes de v\u00e1rias empresas, que eram conselheiros de Trump, como a\u00a0Merck,\u00a0Under Amour, Intel, o abandonam. Isso for\u00e7ou o presidente a desfazer esses conselhos.<\/p>\n<p>Tim Cook, CEO da Apple, disse:<\/p>\n<blockquote><p><em>Eu n\u00e3o concordo com o presidente e outros que acreditam que existe uma equival\u00eancia moral entre supremacistas brancos e nazistas, e aqueles que se op\u00f5em a eles defendendo os direitos humanos. Equacionar as duas coisas vai contra nossos ideais como americanos.<\/em><\/p><\/blockquote>\n<p>Al\u00e9m disso, enviou uma carta para todos os funcion\u00e1rios e vai doar US$ 1.000.000,00 para entidades que lutam contra o preconceito.<\/p>\n<p>Mostrando como a sociedade pode reagir, o perfil do twitter Yes, You&#8217;re Racist (<a href=\"https:\/\/twitter.com\/yesyoureracist\">@YesYoureRacist<\/a>), est\u00e1 postando fotos dos envolvidos no caso de Charlottesville e pedindo que eles sejam identificados. Alguns j\u00e1 foram demitidos.<\/p>\n<p>A luta contra o preconceito \u00e9 di\u00e1ria e n\u00e3o pode ser relegada apena ao governo. parte de cada um em nossa sociedade, sejam pessoas, sejam empresas grande ou pequenas, sejam as autoridade. N\u00e3o podemos deixar que fatos do passado n\u00e3o se repitam! Essa \u00e9 a posi\u00e7\u00e3o da fam\u00edlia <a href=\"https:\/\/xsinformatica.com.br\"><strong>XS Inform\u00e1tica<\/strong><\/a>. Uma empresa que respeita todas as pessoas, uma empresa tolerante e diversificada.<\/p>\n","protected":false},"excerpt":{"rendered":"<p>Os FatosA falta de toler\u00e2ncia que ocorreu na cidade americana de Charlottesville, Virginiam, \u00e9 algo de muita tristeza para todos n\u00f3s. Basicamente: um grupo de supremacia branca se juntou a um grupo de neonazista para protestar contra a retirada de uma est\u00e1tua do General Robret E. Lee. O General Lee foi o l\u00edder do ex\u00e9rcito [&hellip;]<\/p>\n","protected":false},"author":1,"featured_media":0,"comment_status":"open","ping_status":"open","sticky":false,"template":"","format":"standard","meta":{"_exactmetrics_skip_tracking":false},"categories":[2],"tags":[13,12,14],"_links":{"self":[{"href":"https:\/\/xsinformatica.com.br\/blog\/wp-json\/wp\/v2\/posts\/27"}],"collection":[{"href":"https:\/\/xsinformatica.com.br\/blog\/wp-json\/wp\/v2\/posts"}],"about":[{"href":"https:\/\/xsinformatica.com.br\/blog\/wp-json\/wp\/v2\/types\/post"}],"author":[{"embeddable":true,"href":"https:\/\/xsinformatica.com.br\/blog\/wp-json\/wp\/v2\/users\/1"}],"replies":[{"embeddable":true,"href":"https:\/\/xsinformatica.com.br\/blog\/wp-json\/wp\/v2\/comments?post=27"}],"version-history":[{"count":1,"href":"https:\/\/xsinformatica.com.br\/blog\/wp-json\/wp\/v2\/posts\/27\/revisions"}],"predecessor-version":[{"id":29,"href":"https:\/\/xsinformatica.com.br\/blog\/wp-json\/wp\/v2\/posts\/27\/revisions\/29"}],"wp:attachment":[{"href":"https:\/\/xsinformatica.com.br\/blog\/wp-json\/wp\/v2\/media?parent=27"}],"wp:term":[{"taxonomy":"category","embeddable":true,"href":"https:\/\/xsinformatica.com.br\/blog\/wp-json\/wp\/v2\/categories?post=27"},{"taxonomy":"post_tag","embeddable":true,"href":"https:\/\/xsinformatica.com.br\/blog\/wp-json\/wp\/v2\/tags?post=27"}],"curies":[{"name":"wp","href":"https:\/\/api.w.org\/{rel}","templated":true}]}}